{"id":1596,"date":"2024-06-25T08:31:38","date_gmt":"2024-06-25T08:31:38","guid":{"rendered":"https:\/\/www.ibimbidimario.org\/?p=1596"},"modified":"2024-11-11T01:09:09","modified_gmt":"2024-11-11T01:09:09","slug":"attiva-mente-insieme-summer-2024-2","status":"publish","type":"post","link":"https:\/\/www.ibimbidimario.org\/en\/attiva-mente-insieme-summer-2024-2\/","title":{"rendered":"Attiva-Mente Insieme! Summer 2024"},"content":{"rendered":"<p class=\"wp-block-paragraph\"><strong>INCLUSION ISN\u2019T JUST TALK\u2014IT\u2019S ACTION!<\/strong><\/p>\n\n\n\n<figure class=\"wp-block-embed is-type-video is-provider-youtube wp-block-embed-youtube wp-embed-aspect-16-9 wp-has-aspect-ratio\"><div class=\"wp-block-embed__wrapper\">\n<iframe loading=\"lazy\" title=\"Attiva-Mente Insieme! Summer 2024\" width=\"500\" height=\"281\" src=\"https:\/\/www.youtube.com\/embed\/ampGthVJtxM?feature=oembed\" frameborder=\"0\" allow=\"accelerometer; autoplay; clipboard-write; encrypted-media; gyroscope; picture-in-picture; web-share\" referrerpolicy=\"strict-origin-when-cross-origin\" allowfullscreen><\/iframe>\n<\/div><\/figure>\n\n\n\n<p class=\"wp-block-paragraph\">It was extraordinary to witness, once again, the remarkable improvements made in just one week by all the participants.&nbsp;<\/p>\n\n\n\n<p class=\"wp-block-paragraph\">Each of them came with different ages, abilities, and personal stories, and their paths were thoughtfully personalized in advance by our founder, Dr. Maria Signorile.&nbsp;<\/p>\n\n\n\n<p class=\"wp-block-paragraph\">The primary goal of this extraordinary program is to help participants become more flexible and tolerant\u2014towards others and towards themselves.&nbsp;<\/p>\n\n\n\n<p class=\"wp-block-paragraph\">All the activities were based on the core principles of the Feuerstein Method (mediated learning) and were designed to stimulate:<\/p>\n\n\n\n<p class=\"wp-block-paragraph\"><img decoding=\"async\" alt=\"\ud83d\udd34\" src=\"https:\/\/fonts.gstatic.com\/s\/e\/notoemoji\/15.0\/1f534\/32.png\">All Executive Functions<\/p>\n\n\n\n<p class=\"wp-block-paragraph\"><img decoding=\"async\" alt=\"\ud83d\udfe0\" src=\"https:\/\/fonts.gstatic.com\/s\/e\/notoemoji\/15.0\/1f7e0\/32.png\">Attentional Skills&nbsp;<\/p>\n\n\n\n<p class=\"wp-block-paragraph\"><img decoding=\"async\" alt=\"\ud83d\udfe1\" src=\"https:\/\/fonts.gstatic.com\/s\/e\/notoemoji\/15.0\/1f7e1\/32.png\">Autonomy&nbsp;<\/p>\n\n\n\n<p class=\"wp-block-paragraph\"><img decoding=\"async\" alt=\"\ud83d\udfe2\" src=\"https:\/\/fonts.gstatic.com\/s\/e\/notoemoji\/15.0\/1f7e2\/32.png\">Graphomotor Skills&nbsp;<\/p>\n\n\n\n<p class=\"wp-block-paragraph\"><img decoding=\"async\" alt=\"\ud83d\udd35\" src=\"https:\/\/fonts.gstatic.com\/s\/e\/notoemoji\/15.0\/1f535\/32.png\">Self-esteem&nbsp;<\/p>\n\n\n\n<p class=\"wp-block-paragraph\"><img decoding=\"async\" alt=\"\ud83d\udfe3\" src=\"https:\/\/fonts.gstatic.com\/s\/e\/notoemoji\/15.0\/1f7e3\/32.png\">Patience&nbsp;<\/p>\n\n\n\n<p class=\"wp-block-paragraph\"><img decoding=\"async\" alt=\"\ud83d\udfe4\" src=\"https:\/\/fonts.gstatic.com\/s\/e\/notoemoji\/15.0\/1f7e4\/32.png\">Social Skills and Empathy&nbsp;<\/p>\n\n\n\n<p class=\"wp-block-paragraph\"><img decoding=\"async\" alt=\"\u26aa\ufe0f\" src=\"https:\/\/fonts.gstatic.com\/s\/e\/notoemoji\/15.0\/26aa_fe0f\/32.png\">Emotional Regulation&nbsp;<\/p>\n\n\n\n<p class=\"wp-block-paragraph\"><img decoding=\"async\" alt=\"\ud83d\udfe1\" src=\"https:\/\/fonts.gstatic.com\/s\/e\/notoemoji\/15.0\/1f7e1\/32.png\">Language, Numerical Concepts, Colors, and Shapes&nbsp;<\/p>\n\n\n\n<p class=\"wp-block-paragraph\"><img decoding=\"async\" alt=\"\ud83d\udd35\" src=\"https:\/\/fonts.gstatic.com\/s\/e\/notoemoji\/15.0\/1f535\/32.png\">Topological Concepts&nbsp;<\/p>\n\n\n\n<p class=\"wp-block-paragraph\"><img decoding=\"async\" alt=\"\ud83d\udfe3\" src=\"https:\/\/fonts.gstatic.com\/s\/e\/notoemoji\/15.0\/1f7e3\/32.png\">Logical Reasoning&nbsp;<\/p>\n\n\n\n<p class=\"wp-block-paragraph\">And:&nbsp;<\/p>\n\n\n\n<p class=\"wp-block-paragraph\"><img decoding=\"async\" alt=\"\ud83d\udfe9\" src=\"https:\/\/fonts.gstatic.com\/s\/e\/notoemoji\/15.0\/1f7e9\/32.png\">Coordination&nbsp;<\/p>\n\n\n\n<p class=\"wp-block-paragraph\"><img decoding=\"async\" alt=\"\ud83d\udfe5\" src=\"https:\/\/fonts.gstatic.com\/s\/e\/notoemoji\/15.0\/1f7e5\/32.png\">Lateralization<\/p>\n\n\n\n<p class=\"wp-block-paragraph\"><img decoding=\"async\" alt=\"\ud83d\udfe6\" src=\"https:\/\/fonts.gstatic.com\/s\/e\/notoemoji\/15.0\/1f7e6\/32.png\">Fine Motor Skills&nbsp;<\/p>\n\n\n\n<p class=\"wp-block-paragraph\"><img decoding=\"async\" alt=\"\ud83d\udfea\" src=\"https:\/\/fonts.gstatic.com\/s\/e\/notoemoji\/15.0\/1f7ea\/32.png\">Gross Motor Skills&nbsp;<\/p>\n\n\n\n<p class=\"wp-block-paragraph\"><img decoding=\"async\" alt=\"\ud83d\udfe8\" src=\"https:\/\/fonts.gstatic.com\/s\/e\/notoemoji\/15.0\/1f7e8\/32.png\">Hand-Eye and Foot-Eye Coordination&nbsp;<\/p>\n\n\n\n<p class=\"wp-block-paragraph\"><img decoding=\"async\" alt=\"\u2b1c\ufe0f\" src=\"https:\/\/fonts.gstatic.com\/s\/e\/notoemoji\/15.0\/2b1c_fe0f\/32.png\">Balance&nbsp;<\/p>\n\n\n\n<p class=\"wp-block-paragraph\"><img decoding=\"async\" alt=\"\ud83d\udfe5\" src=\"https:\/\/fonts.gstatic.com\/s\/e\/notoemoji\/15.0\/1f7e5\/32.png\">Strength&nbsp;<\/p>\n\n\n\n<p class=\"wp-block-paragraph\">This intensive week was led by Dr. Signorile, who, along with her outstanding team of professionals, meticulously designed the enhancement activities. They carefully selected meaningful materials and activities, creating a structured yet welcoming daily routine that kept curiosity, participation, and focus alive for every participant.&nbsp;<\/p>\n\n\n\n<p class=\"wp-block-paragraph\"><img decoding=\"async\" alt=\"\ud83d\udfe5\" src=\"https:\/\/fonts.gstatic.com\/s\/e\/notoemoji\/15.0\/1f7e5\/32.png\">There is no learning without emotion or movement!<img decoding=\"async\" alt=\"\ud83d\udfe5\" src=\"https:\/\/fonts.gstatic.com\/s\/e\/notoemoji\/15.0\/1f7e5\/32.png\"><\/p>\n\n\n\n<p class=\"wp-block-paragraph\">Every individual is capable of change and growth when appropriately stimulated and mediated.&nbsp;<\/p>\n\n\n\n<p class=\"wp-block-paragraph\"><img decoding=\"async\" alt=\"\ud83d\udce3\" src=\"https:\/\/fonts.gstatic.com\/s\/e\/notoemoji\/15.0\/1f4e3\/32.png\">No condition\u2014whether genetic syndromes, Autism, ADHD, or behavioral and attentional disorders\u2014can obstruct this process of transformation and improvement.<img decoding=\"async\" alt=\"\ud83c\udfc1\" src=\"https:\/\/fonts.gstatic.com\/s\/e\/notoemoji\/15.0\/1f3c1\/32.png\"><\/p>\n\n\n\n<p class=\"wp-block-paragraph\">Yes, we did it again&nbsp;<img decoding=\"async\" alt=\"\ud83c\udf89\" src=\"https:\/\/fonts.gstatic.com\/s\/e\/notoemoji\/15.0\/1f389\/32.png\"><\/p>\n\n\n\n<p class=\"wp-block-paragraph\">Yes! We did it again and it was absolutely wonderful!<\/p>\n\n\n\n<p class=\"wp-block-paragraph\">Special thanks to Dr. Maria Signorile for creating such a beautiful and effective inclusive course. Thank you to all the parents who continue to place their trust in us, and most of all, to the children and adolescents who participated in this transformative course, working hard and with great passion. See you in June 2025!<img decoding=\"async\" alt=\"\u2764\ufe0f\" src=\"https:\/\/fonts.gstatic.com\/s\/e\/notoemoji\/15.0\/2764_fe0f\/32.png\"><\/p>","protected":false},"excerpt":{"rendered":"<p>DON'T TALK ABOUT BEING INCLUSIVE. BE INCLUSIVE! It was amazing to see again this time, the obvious improvements in just one week, of all the guys who participated.\u00a0 All with different ages and different levels of skills and personal stories ... <a href=\"https:\/\/www.ibimbidimario.org\/en\/attiva-mente-insieme-summer-2024-2\/\">Continued<\/a><\/p>","protected":false},"author":2,"featured_media":0,"comment_status":"closed","ping_status":"open","sticky":false,"template":"","format":"standard","meta":{"kt_blocks_editor_width":"","_monsterinsights_skip_tracking":false,"_themeisle_gutenberg_block_has_review":false,"footnotes":""},"categories":[6],"tags":[44,82,143,33,67,10,125,42,35,144,142,63,55,40,31,34],"class_list":["post-1596","post","type-post","status-publish","format-standard","hentry","category-news","tag-adhd","tag-attivamente","tag-attivamente-insieme","tag-attivita-motoria-di-base","tag-autism","tag-autismo","tag-dott-mario-castagnini","tag-dott-ssa-maria-signorile","tag-iperattivita","tag-linguaggio","tag-maria-signorile","tag-metodo-castagnini","tag-metodo-feuerstein","tag-metodo-fsc","tag-sport","tag-sport-per-tutti"],"aioseo_notices":[],"aioseo_head":"\n\t\t<!-- All in One SEO 5.0.1.1 - aioseo.com -->\n\t<meta name=\"description\" content=\"L&#039;INCLUSIONE NON SI DICE. L&#039;INCLUSIONE SI FA! \u00c8 stato straordinario vedere anche questa volta, gli evidenti miglioramenti in una sola settimana, di tutti i ragazzi che hanno partecipato. Tutti con differenti et\u00e0 e diversi livelli di abilit\u00e0 e storie personali il cui percorso \u00e8 stato premurosamente personalizzato anticipatamente dalla nostra Fondatrice la Dott.ssa Maria Signorile.\" \/>\n\t<meta name=\"robots\" content=\"max-image-preview:large\" \/>\n\t<meta name=\"author\" content=\"wp_13987696\"\/>\n\t<link rel=\"canonical\" href=\"https:\/\/www.ibimbidimario.org\/en\/attiva-mente-insieme-summer-2024-2\/\" \/>\n\t<meta name=\"generator\" content=\"All in One SEO (AIOSEO) 5.0.1.1\" \/>\n\t\t<meta property=\"og:locale\" content=\"en_US\" \/>\n\t\t<meta property=\"og:site_name\" content=\"I Bimbi di Mario -\" \/>\n\t\t<meta property=\"og:type\" content=\"article\" \/>\n\t\t<meta property=\"og:title\" content=\"Attiva-Mente Insieme! Summer 2024 - I Bimbi di Mario\" \/>\n\t\t<meta property=\"og:description\" content=\"L&#039;INCLUSIONE NON SI DICE. L&#039;INCLUSIONE SI FA! \u00c8 stato straordinario vedere anche questa volta, gli evidenti miglioramenti in una sola settimana, di tutti i ragazzi che hanno partecipato. Tutti con differenti et\u00e0 e diversi livelli di abilit\u00e0 e storie personali il cui percorso \u00e8 stato premurosamente personalizzato anticipatamente dalla nostra Fondatrice la Dott.ssa Maria Signorile.\" \/>\n\t\t<meta property=\"og:url\" content=\"https:\/\/www.ibimbidimario.org\/en\/attiva-mente-insieme-summer-2024-2\/\" \/>\n\t\t<meta property=\"article:published_time\" content=\"2024-06-25T08:31:38+00:00\" \/>\n\t\t<meta property=\"article:modified_time\" content=\"2024-11-11T01:09:09+00:00\" \/>\n\t\t<meta name=\"twitter:card\" content=\"summary\" \/>\n\t\t<meta name=\"twitter:title\" content=\"Attiva-Mente Insieme! Summer 2024 - I Bimbi di Mario\" \/>\n\t\t<meta name=\"twitter:description\" content=\"L&#039;INCLUSIONE NON SI DICE. L&#039;INCLUSIONE SI FA! \u00c8 stato straordinario vedere anche questa volta, gli evidenti miglioramenti in una sola settimana, di tutti i ragazzi che hanno partecipato. Tutti con differenti et\u00e0 e diversi livelli di abilit\u00e0 e storie personali il cui percorso \u00e8 stato premurosamente personalizzato anticipatamente dalla nostra Fondatrice la Dott.ssa Maria Signorile.\" \/>\n\t\t<script type=\"application\/ld+json\" class=\"aioseo-schema\">\n\t\t\t{\"@context\":\"https:\\\/\\\/schema.org\",\"@graph\":[{\"@type\":\"BlogPosting\",\"@id\":\"https:\\\/\\\/www.ibimbidimario.org\\\/en\\\/attiva-mente-insieme-summer-2024-2\\\/#blogposting\",\"name\":\"Attiva-Mente Insieme! Summer 2024 - I Bimbi di Mario\",\"headline\":\"Attiva-Mente Insieme! Summer 2024\",\"author\":{\"@id\":\"https:\\\/\\\/www.ibimbidimario.org\\\/en\\\/author\\\/wp_13987696\\\/#author\"},\"publisher\":{\"@id\":\"https:\\\/\\\/www.ibimbidimario.org\\\/en\\\/#organization\"},\"image\":{\"@type\":\"ImageObject\",\"url\":\"https:\\\/\\\/fonts.gstatic.com\\\/s\\\/e\\\/notoemoji\\\/15.0\\\/1f534\\\/32.png\",\"@id\":\"https:\\\/\\\/www.ibimbidimario.org\\\/en\\\/attiva-mente-insieme-summer-2024-2\\\/#articleImage\"},\"datePublished\":\"2024-06-25T08:31:38+00:00\",\"dateModified\":\"2024-11-11T01:09:09+00:00\",\"inLanguage\":\"en-US\",\"mainEntityOfPage\":{\"@id\":\"https:\\\/\\\/www.ibimbidimario.org\\\/en\\\/attiva-mente-insieme-summer-2024-2\\\/#webpage\"},\"isPartOf\":{\"@id\":\"https:\\\/\\\/www.ibimbidimario.org\\\/en\\\/attiva-mente-insieme-summer-2024-2\\\/#webpage\"},\"articleSection\":\"NEWS, ADHD, attivamente, attivamente insieme, attivit\\u00e0 motoria di base, autism, autismo, Dott Mario Castagnini, Dott.ssa Maria Signorile, iperattivit\\u00e0, linguaggio, maria signorile, metodo Castagnini, Metodo Feuerstein, Metodo FSC, Sport, sport per tutti\"},{\"@type\":\"BreadcrumbList\",\"@id\":\"https:\\\/\\\/www.ibimbidimario.org\\\/en\\\/attiva-mente-insieme-summer-2024-2\\\/#breadcrumblist\",\"itemListElement\":[{\"@type\":\"ListItem\",\"@id\":\"https:\\\/\\\/www.ibimbidimario.org\\\/en#listItem\",\"position\":1,\"name\":\"Home\",\"item\":\"https:\\\/\\\/www.ibimbidimario.org\\\/en\",\"nextItem\":{\"@type\":\"ListItem\",\"@id\":\"https:\\\/\\\/www.ibimbidimario.org\\\/en\\\/category\\\/news\\\/#listItem\",\"name\":\"NEWS\"}},{\"@type\":\"ListItem\",\"@id\":\"https:\\\/\\\/www.ibimbidimario.org\\\/en\\\/category\\\/news\\\/#listItem\",\"position\":2,\"name\":\"NEWS\",\"item\":\"https:\\\/\\\/www.ibimbidimario.org\\\/en\\\/category\\\/news\\\/\",\"nextItem\":{\"@type\":\"ListItem\",\"@id\":\"https:\\\/\\\/www.ibimbidimario.org\\\/en\\\/attiva-mente-insieme-summer-2024-2\\\/#listItem\",\"name\":\"Attiva-Mente Insieme! Summer 2024\"},\"previousItem\":{\"@type\":\"ListItem\",\"@id\":\"https:\\\/\\\/www.ibimbidimario.org\\\/en#listItem\",\"name\":\"Home\"}},{\"@type\":\"ListItem\",\"@id\":\"https:\\\/\\\/www.ibimbidimario.org\\\/en\\\/attiva-mente-insieme-summer-2024-2\\\/#listItem\",\"position\":3,\"name\":\"Attiva-Mente Insieme! Summer 2024\",\"previousItem\":{\"@type\":\"ListItem\",\"@id\":\"https:\\\/\\\/www.ibimbidimario.org\\\/en\\\/category\\\/news\\\/#listItem\",\"name\":\"NEWS\"}}]},{\"@type\":\"Organization\",\"@id\":\"https:\\\/\\\/www.ibimbidimario.org\\\/en\\\/#organization\",\"name\":\"My WordPress\",\"url\":\"https:\\\/\\\/www.ibimbidimario.org\\\/en\\\/\"},{\"@type\":\"Person\",\"@id\":\"https:\\\/\\\/www.ibimbidimario.org\\\/en\\\/author\\\/wp_13987696\\\/#author\",\"url\":\"https:\\\/\\\/www.ibimbidimario.org\\\/en\\\/author\\\/wp_13987696\\\/\",\"name\":\"wp_13987696\",\"image\":{\"@type\":\"ImageObject\",\"@id\":\"https:\\\/\\\/www.ibimbidimario.org\\\/en\\\/attiva-mente-insieme-summer-2024-2\\\/#authorImage\",\"url\":\"https:\\\/\\\/secure.gravatar.com\\\/avatar\\\/11ab64279d25fca420938ead0b9e8bcb81f6ac2a2cdb9a07540d22ce6d0ee4b6?s=96&d=mm&r=g\",\"width\":96,\"height\":96,\"caption\":\"wp_13987696\"}},{\"@type\":\"WebPage\",\"@id\":\"https:\\\/\\\/www.ibimbidimario.org\\\/en\\\/attiva-mente-insieme-summer-2024-2\\\/#webpage\",\"url\":\"https:\\\/\\\/www.ibimbidimario.org\\\/en\\\/attiva-mente-insieme-summer-2024-2\\\/\",\"name\":\"Attiva-Mente Insieme! Summer 2024 - I Bimbi di Mario\",\"description\":\"L'INCLUSIONE NON SI DICE. L'INCLUSIONE SI FA! \\u00c8 stato straordinario vedere anche questa volta, gli evidenti miglioramenti in una sola settimana, di tutti i ragazzi che hanno partecipato. Tutti con differenti et\\u00e0 e diversi livelli di abilit\\u00e0 e storie personali il cui percorso \\u00e8 stato premurosamente personalizzato anticipatamente dalla nostra Fondatrice la Dott.ssa Maria Signorile.\",\"inLanguage\":\"en-US\",\"isPartOf\":{\"@id\":\"https:\\\/\\\/www.ibimbidimario.org\\\/en\\\/#website\"},\"breadcrumb\":{\"@id\":\"https:\\\/\\\/www.ibimbidimario.org\\\/en\\\/attiva-mente-insieme-summer-2024-2\\\/#breadcrumblist\"},\"author\":{\"@id\":\"https:\\\/\\\/www.ibimbidimario.org\\\/en\\\/author\\\/wp_13987696\\\/#author\"},\"creator\":{\"@id\":\"https:\\\/\\\/www.ibimbidimario.org\\\/en\\\/author\\\/wp_13987696\\\/#author\"},\"datePublished\":\"2024-06-25T08:31:38+00:00\",\"dateModified\":\"2024-11-11T01:09:09+00:00\"},{\"@type\":\"WebSite\",\"@id\":\"https:\\\/\\\/www.ibimbidimario.org\\\/en\\\/#website\",\"url\":\"https:\\\/\\\/www.ibimbidimario.org\\\/en\\\/\",\"name\":\"I Bimbi di Mario\",\"inLanguage\":\"en-US\",\"publisher\":{\"@id\":\"https:\\\/\\\/www.ibimbidimario.org\\\/en\\\/#organization\"}}]}\n\t\t<\/script>\n\t\t<!-- All in One SEO -->\n\n","aioseo_head_json":{"title":"Attiva-Mente Insieme! Summer 2024 - I Bimbi di Mario","description":"L'INCLUSIONE NON SI DICE. L'INCLUSIONE SI FA! \u00c8 stato straordinario vedere anche questa volta, gli evidenti miglioramenti in una sola settimana, di tutti i ragazzi che hanno partecipato. Tutti con differenti et\u00e0 e diversi livelli di abilit\u00e0 e storie personali il cui percorso \u00e8 stato premurosamente personalizzato anticipatamente dalla nostra Fondatrice la Dott.ssa Maria Signorile.","canonical_url":"https:\/\/www.ibimbidimario.org\/en\/attiva-mente-insieme-summer-2024-2\/","robots":"max-image-preview:large","keywords":"","webmasterTools":{"miscellaneous":""},"schema":{"@context":"https:\/\/schema.org","@graph":[{"@type":"BlogPosting","@id":"https:\/\/www.ibimbidimario.org\/en\/attiva-mente-insieme-summer-2024-2\/#blogposting","name":"Attiva-Mente Insieme! Summer 2024 - I Bimbi di Mario","headline":"Attiva-Mente Insieme! Summer 2024","author":{"@id":"https:\/\/www.ibimbidimario.org\/en\/author\/wp_13987696\/#author"},"publisher":{"@id":"https:\/\/www.ibimbidimario.org\/en\/#organization"},"image":{"@type":"ImageObject","url":"https:\/\/fonts.gstatic.com\/s\/e\/notoemoji\/15.0\/1f534\/32.png","@id":"https:\/\/www.ibimbidimario.org\/en\/attiva-mente-insieme-summer-2024-2\/#articleImage"},"datePublished":"2024-06-25T08:31:38+00:00","dateModified":"2024-11-11T01:09:09+00:00","inLanguage":"en-US","mainEntityOfPage":{"@id":"https:\/\/www.ibimbidimario.org\/en\/attiva-mente-insieme-summer-2024-2\/#webpage"},"isPartOf":{"@id":"https:\/\/www.ibimbidimario.org\/en\/attiva-mente-insieme-summer-2024-2\/#webpage"},"articleSection":"NEWS, ADHD, attivamente, attivamente insieme, attivit\u00e0 motoria di base, autism, autismo, Dott Mario Castagnini, Dott.ssa Maria Signorile, iperattivit\u00e0, linguaggio, maria signorile, metodo Castagnini, Metodo Feuerstein, Metodo FSC, Sport, sport per tutti"},{"@type":"BreadcrumbList","@id":"https:\/\/www.ibimbidimario.org\/en\/attiva-mente-insieme-summer-2024-2\/#breadcrumblist","itemListElement":[{"@type":"ListItem","@id":"https:\/\/www.ibimbidimario.org\/en#listItem","position":1,"name":"Home","item":"https:\/\/www.ibimbidimario.org\/en","nextItem":{"@type":"ListItem","@id":"https:\/\/www.ibimbidimario.org\/en\/category\/news\/#listItem","name":"NEWS"}},{"@type":"ListItem","@id":"https:\/\/www.ibimbidimario.org\/en\/category\/news\/#listItem","position":2,"name":"NEWS","item":"https:\/\/www.ibimbidimario.org\/en\/category\/news\/","nextItem":{"@type":"ListItem","@id":"https:\/\/www.ibimbidimario.org\/en\/attiva-mente-insieme-summer-2024-2\/#listItem","name":"Attiva-Mente Insieme! Summer 2024"},"previousItem":{"@type":"ListItem","@id":"https:\/\/www.ibimbidimario.org\/en#listItem","name":"Home"}},{"@type":"ListItem","@id":"https:\/\/www.ibimbidimario.org\/en\/attiva-mente-insieme-summer-2024-2\/#listItem","position":3,"name":"Attiva-Mente Insieme! Summer 2024","previousItem":{"@type":"ListItem","@id":"https:\/\/www.ibimbidimario.org\/en\/category\/news\/#listItem","name":"NEWS"}}]},{"@type":"Organization","@id":"https:\/\/www.ibimbidimario.org\/en\/#organization","name":"My WordPress","url":"https:\/\/www.ibimbidimario.org\/en\/"},{"@type":"Person","@id":"https:\/\/www.ibimbidimario.org\/en\/author\/wp_13987696\/#author","url":"https:\/\/www.ibimbidimario.org\/en\/author\/wp_13987696\/","name":"wp_13987696","image":{"@type":"ImageObject","@id":"https:\/\/www.ibimbidimario.org\/en\/attiva-mente-insieme-summer-2024-2\/#authorImage","url":"https:\/\/secure.gravatar.com\/avatar\/11ab64279d25fca420938ead0b9e8bcb81f6ac2a2cdb9a07540d22ce6d0ee4b6?s=96&d=mm&r=g","width":96,"height":96,"caption":"wp_13987696"}},{"@type":"WebPage","@id":"https:\/\/www.ibimbidimario.org\/en\/attiva-mente-insieme-summer-2024-2\/#webpage","url":"https:\/\/www.ibimbidimario.org\/en\/attiva-mente-insieme-summer-2024-2\/","name":"Attiva-Mente Insieme! Summer 2024 - I Bimbi di Mario","description":"L'INCLUSIONE NON SI DICE. L'INCLUSIONE SI FA! \u00c8 stato straordinario vedere anche questa volta, gli evidenti miglioramenti in una sola settimana, di tutti i ragazzi che hanno partecipato. Tutti con differenti et\u00e0 e diversi livelli di abilit\u00e0 e storie personali il cui percorso \u00e8 stato premurosamente personalizzato anticipatamente dalla nostra Fondatrice la Dott.ssa Maria Signorile.","inLanguage":"en-US","isPartOf":{"@id":"https:\/\/www.ibimbidimario.org\/en\/#website"},"breadcrumb":{"@id":"https:\/\/www.ibimbidimario.org\/en\/attiva-mente-insieme-summer-2024-2\/#breadcrumblist"},"author":{"@id":"https:\/\/www.ibimbidimario.org\/en\/author\/wp_13987696\/#author"},"creator":{"@id":"https:\/\/www.ibimbidimario.org\/en\/author\/wp_13987696\/#author"},"datePublished":"2024-06-25T08:31:38+00:00","dateModified":"2024-11-11T01:09:09+00:00"},{"@type":"WebSite","@id":"https:\/\/www.ibimbidimario.org\/en\/#website","url":"https:\/\/www.ibimbidimario.org\/en\/","name":"I Bimbi di Mario","inLanguage":"en-US","publisher":{"@id":"https:\/\/www.ibimbidimario.org\/en\/#organization"}}]},"og:locale":"en_US","og:site_name":"I Bimbi di Mario -","og:type":"article","og:title":"Attiva-Mente Insieme! Summer 2024 - I Bimbi di Mario","og:description":"L'INCLUSIONE NON SI DICE. L'INCLUSIONE SI FA! \u00c8 stato straordinario vedere anche questa volta, gli evidenti miglioramenti in una sola settimana, di tutti i ragazzi che hanno partecipato. Tutti con differenti et\u00e0 e diversi livelli di abilit\u00e0 e storie personali il cui percorso \u00e8 stato premurosamente personalizzato anticipatamente dalla nostra Fondatrice la Dott.ssa Maria Signorile.","og:url":"https:\/\/www.ibimbidimario.org\/en\/attiva-mente-insieme-summer-2024-2\/","article:published_time":"2024-06-25T08:31:38+00:00","article:modified_time":"2024-11-11T01:09:09+00:00","twitter:card":"summary","twitter:title":"Attiva-Mente Insieme! Summer 2024 - I Bimbi di Mario","twitter:description":"L'INCLUSIONE NON SI DICE. L'INCLUSIONE SI FA! \u00c8 stato straordinario vedere anche questa volta, gli evidenti miglioramenti in una sola settimana, di tutti i ragazzi che hanno partecipato. Tutti con differenti et\u00e0 e diversi livelli di abilit\u00e0 e storie personali il cui percorso \u00e8 stato premurosamente personalizzato anticipatamente dalla nostra Fondatrice la Dott.ssa Maria Signorile."},"aioseo_meta_data":{"post_id":"1596","title":null,"description":null,"keywords":null,"keyphrases":{"focus":{"keyphrase":"","score":0,"analysis":{"keyphraseInTitle":{"score":0,"maxScore":9,"error":1}}},"additional":[]},"primary_term":null,"canonical_url":null,"og_title":null,"og_description":null,"og_object_type":"default","og_image_type":"default","og_image_url":null,"og_image_width":null,"og_image_height":null,"og_image_custom_url":null,"og_image_custom_fields":null,"og_video":"","og_custom_url":null,"og_article_section":null,"og_article_tags":null,"twitter_use_og":false,"twitter_card":"default","twitter_image_type":"default","twitter_image_url":null,"twitter_image_custom_url":null,"twitter_image_custom_fields":null,"twitter_title":null,"twitter_description":null,"schema":{"blockGraphs":[],"customGraphs":[],"default":{"data":{"Article":[],"Course":[],"Dataset":[],"FAQPage":[],"Movie":[],"Person":[],"Product":[],"ProductReview":[],"Car":[],"Recipe":[],"Service":[],"SoftwareApplication":[],"WebPage":[]},"graphName":"BlogPosting","isEnabled":true},"graphs":[]},"schema_type":"default","schema_type_options":null,"pillar_content":false,"robots_default":true,"robots_noindex":false,"robots_noarchive":false,"robots_nosnippet":false,"robots_nofollow":false,"robots_noimageindex":false,"robots_noodp":false,"robots_notranslate":false,"robots_max_snippet":"-1","robots_max_videopreview":"-1","robots_max_imagepreview":"large","priority":null,"frequency":"default","local_seo":null,"breadcrumb_settings":null,"limit_modified_date":false,"ai":null,"created":"2024-06-25 08:31:41","updated":"2025-06-10 21:58:32","seo_analyzer_scan_date":null,"focus_keyword":null,"additional_keywords":null,"truseo_locale":null},"aioseo_breadcrumb":"<div class=\"aioseo-breadcrumbs\"><span class=\"aioseo-breadcrumb\">\n\t\t\t<a href=\"https:\/\/www.ibimbidimario.org\/en\" title=\"Home\">Home<\/a>\n\t\t<\/span><span class=\"aioseo-breadcrumb-separator\">&raquo;<\/span><span class=\"aioseo-breadcrumb\">\n\t\t\t<a href=\"https:\/\/www.ibimbidimario.org\/en\/category\/news\/\" title=\"NEWS\">NEWS<\/a>\n\t\t<\/span><span class=\"aioseo-breadcrumb-separator\">&raquo;<\/span><span class=\"aioseo-breadcrumb\">\n\t\t\tAttiva-Mente Insieme! Summer 2024\n\t\t<\/span><\/div>","aioseo_breadcrumb_json":[{"label":"Home","link":"https:\/\/www.ibimbidimario.org\/en"},{"label":"NEWS","link":"https:\/\/www.ibimbidimario.org\/en\/category\/news\/"},{"label":"Attiva-Mente Insieme! Summer 2024","link":"https:\/\/www.ibimbidimario.org\/en\/attiva-mente-insieme-summer-2024-2\/"}],"_links":{"self":[{"href":"https:\/\/www.ibimbidimario.org\/en\/wp-json\/wp\/v2\/posts\/1596","targetHints":{"allow":["GET"]}}],"collection":[{"href":"https:\/\/www.ibimbidimario.org\/en\/wp-json\/wp\/v2\/posts"}],"about":[{"href":"https:\/\/www.ibimbidimario.org\/en\/wp-json\/wp\/v2\/types\/post"}],"author":[{"embeddable":true,"href":"https:\/\/www.ibimbidimario.org\/en\/wp-json\/wp\/v2\/users\/2"}],"replies":[{"embeddable":true,"href":"https:\/\/www.ibimbidimario.org\/en\/wp-json\/wp\/v2\/comments?post=1596"}],"version-history":[{"count":4,"href":"https:\/\/www.ibimbidimario.org\/en\/wp-json\/wp\/v2\/posts\/1596\/revisions"}],"predecessor-version":[{"id":1604,"href":"https:\/\/www.ibimbidimario.org\/en\/wp-json\/wp\/v2\/posts\/1596\/revisions\/1604"}],"wp:attachment":[{"href":"https:\/\/www.ibimbidimario.org\/en\/wp-json\/wp\/v2\/media?parent=1596"}],"wp:term":[{"taxonomy":"category","embeddable":true,"href":"https:\/\/www.ibimbidimario.org\/en\/wp-json\/wp\/v2\/categories?post=1596"},{"taxonomy":"post_tag","embeddable":true,"href":"https:\/\/www.ibimbidimario.org\/en\/wp-json\/wp\/v2\/tags?post=1596"}],"curies":[{"name":"wp","href":"https:\/\/api.w.org\/{rel}","templated":true}]}}